{"id":4014,"date":"2024-08-16T09:41:45","date_gmt":"2024-08-16T07:41:45","guid":{"rendered":"https:\/\/niesakramentalni.pl\/?p=4014"},"modified":"2024-08-16T10:04:36","modified_gmt":"2024-08-16T08:04:36","slug":"ojciec-mieczyslaw-swietuje-30-lecie-swiecen-kaplanskich","status":"publish","type":"post","link":"https:\/\/niesakramentalni.pl\/?p=4014","title":{"rendered":"Ojciec Mieczys\u0142aw \u015bwi\u0119tuje 30-lecie \u015bwi\u0119ce\u0144 kap\u0142a\u0144skich"},"content":{"rendered":"<p style=\"text-align: justify;\"><a class=\"ngg-fancybox\" title=\" \" href=\"https:\/\/niesakramentalni.pl\/wp-content\/gallery\/wpisy\/2024-Sucha.png\" rel=\"\" data-image-id=\"858\" data-src=\"https:\/\/niesakramentalni.pl\/wp-content\/gallery\/wpisy\/2024-Sucha.png\" data-thumbnail=\"https:\/\/niesakramentalni.pl\/wp-content\/gallery\/wpisy\/thumbs\/thumbs_2024-Sucha.png\" data-title=\"2024-Sucha\" data-description=\" \"><img loading=\"lazy\" decoding=\"async\" class=\"ngg-singlepic ngg-left alignleft\" src=\"https:\/\/niesakramentalni.pl\/wp-content\/gallery\/wpisy\/2024-Sucha.png\" alt=\"2024-Sucha\" width=\"200\" height=\"139\"><\/a>15 sierpnia 2024 roku w cudownej scenerii na \u0142\u0105ce w Suchej mia\u0142o miejsce niecodzienne wydarzenie: za\u0142o\u017cyciel bydgoskiej wsp\u00f3lnoty ma\u0142\u017ce\u0144stw niesakramentalnych, ojciec kilku innych wielkich dzie\u0142 duszpasterskich, ojciec Mieczys\u0142aw \u0141usiak, odprawi\u0142 msz\u0119 dzi\u0119kczynn\u0105 za 30 lat swojej pos\u0142ugi kap\u0142a\u0144skiej. Wyg\u0142oszona przez celebransa homilia pe\u0142na by\u0142a wzruszaj\u0105cych wspomnie\u0144 ojca Mietka. Wsp\u00f3lnie z Jubilatem \u015bwi\u0119towa\u0142o i wyra\u017ca\u0142o wdzi\u0119czno\u015b\u0107 za dar kap\u0142a\u0144stwa ponad 200 os\u00f3b, cz\u0142onk\u00f3w wszystkich grup &#8211; dzie\u0142 ojca Mieczys\u0142awa. Szcz\u0119\u015b\u0107 Bo\u017ce na d\u0142ugie dalsze lata, Kochany Mieciu!<\/p>\n","protected":false},"excerpt":{"rendered":"<p>15 sierpnia 2024 roku w cudownej scenerii na \u0142\u0105ce w Suchej mia\u0142o miejsce niecodzienne wydarzenie: za\u0142o\u017cyciel bydgoskiej wsp\u00f3lnoty ma\u0142\u017ce\u0144stw niesakramentalnych, ojciec kilku innych wielkich dzie\u0142 duszpasterskich, ojciec Mieczys\u0142aw \u0141usiak, odprawi\u0142 msz\u0119 dzi\u0119kczynn\u0105 za 30 lat swojej pos\u0142ugi kap\u0142a\u0144skiej. Wyg\u0142oszona przez celebransa homilia pe\u0142na by\u0142a wzruszaj\u0105cych wspomnie\u0144 ojca Mietka. Wsp\u00f3lnie z Jubilatem \u015bwi\u0119towa\u0142o i wyra\u017ca\u0142o wdzi\u0119czno\u015b\u0107 <a href=\"https:\/\/niesakramentalni.pl\/?p=4014\" class=\"more-link\">[&hellip;]<\/a><\/p>\n","protected":false},"author":1,"featured_media":0,"comment_status":"closed","ping_status":"closed","sticky":false,"template":"","format":"standard","meta":{"ngg_post_thumbnail":0,"footnotes":""},"categories":[1],"tags":[],"_links":{"self":[{"href":"https:\/\/niesakramentalni.pl\/index.php?rest_route=\/wp\/v2\/posts\/4014"}],"collection":[{"href":"https:\/\/niesakramentalni.pl\/index.php?rest_route=\/wp\/v2\/posts"}],"about":[{"href":"https:\/\/niesakramentalni.pl\/index.php?rest_route=\/wp\/v2\/types\/post"}],"author":[{"embeddable":true,"href":"https:\/\/niesakramentalni.pl\/index.php?rest_route=\/wp\/v2\/users\/1"}],"replies":[{"embeddable":true,"href":"https:\/\/niesakramentalni.pl\/index.php?rest_route=%2Fwp%2Fv2%2Fcomments&post=4014"}],"version-history":[{"count":4,"href":"https:\/\/niesakramentalni.pl\/index.php?rest_route=\/wp\/v2\/posts\/4014\/revisions"}],"predecessor-version":[{"id":4019,"href":"https:\/\/niesakramentalni.pl\/index.php?rest_route=\/wp\/v2\/posts\/4014\/revisions\/4019"}],"wp:attachment":[{"href":"https:\/\/niesakramentalni.pl\/index.php?rest_route=%2Fwp%2Fv2%2Fmedia&parent=4014"}],"wp:term":[{"taxonomy":"category","embeddable":true,"href":"https:\/\/niesakramentalni.pl\/index.php?rest_route=%2Fwp%2Fv2%2Fcategories&post=4014"},{"taxonomy":"post_tag","embeddable":true,"href":"https:\/\/niesakramentalni.pl\/index.php?rest_route=%2Fwp%2Fv2%2Ftags&post=4014"}],"curies":[{"name":"wp","href":"https:\/\/api.w.org\/{rel}","templated":true}]}}