{"id":3966,"date":"2024-01-24T11:34:30","date_gmt":"2024-01-24T10:34:30","guid":{"rendered":"https:\/\/niesakramentalni.pl\/?p=3966"},"modified":"2024-01-24T11:36:17","modified_gmt":"2024-01-24T10:36:17","slug":"wytyczne-kosciola-w-sprawie-udzielania-komunii-swietej-osobom-w-powtornych-zwiazkach","status":"publish","type":"post","link":"https:\/\/niesakramentalni.pl\/?p=3966","title":{"rendered":"Wytyczne Ko\u015bcio\u0142a w sprawie udzielania Komunii \u015awi\u0119tej osobom w powt\u00f3rnych zwi\u0105zkach"},"content":{"rendered":"<p><a title=\" \" href=\"https:\/\/niesakramentalni.pl\/wp-content\/uploads\/normy-udzielania-Komunii-Swietej.pdf\" data-image-id=\"852\" data-src=\"https:\/\/niesakramentalni.pl\/wp-content\/gallery\/wpisy\/normy-udzielania-Komunii-Swietej-m.jpg\" data-thumbnail=\"https:\/\/niesakramentalni.pl\/wp-content\/gallery\/wpisy\/thumbs\/thumbs_normy-udzielania-Komunii-Swietej-m.jpg\" data-title=\"normy-udzielania-Komunii-Swietej-m\" data-description=\" \"><img loading=\"lazy\" decoding=\"async\" class=\"ngg-singlepic ngg-left alignleft\" src=\"https:\/\/niesakramentalni.pl\/wp-content\/gallery\/wpisy\/normy-udzielania-Komunii-Swietej-m.jpg\" alt=\"normy-udzielania-Komunii-Swietej-m\" width=\"201\" height=\"149\"><\/a>Pasterz Archidiecezji Szczeci\u0144sko-Kamie\u0144skiej, abp A. Dzi\u0119ga, rozes\u0142al wytyczne dla duchownych diecezji, kt\u00f3rzy posluguj\u0105 w sprawie rozeznawania sytuacji par niesakramentalnych zgodnie z zaleceniami papie\u017ca Franciszka.<br \/>\nZach\u0119camy do lektury.<br \/>\nJednocze\u015bnie z nadziej\u0105 oczekujemy na podobne dzia\u0142ania pasterzy innych diecezji , co mog\u0142oby doprowadzi\u0107 do ujednolicenia stanowiska przez Komisj\u0119 Episkopatu Polski.<\/p>\n","protected":false},"excerpt":{"rendered":"<p>Pasterz Archidiecezji Szczeci\u0144sko-Kamie\u0144skiej, abp A. Dzi\u0119ga, rozes\u0142al wytyczne dla duchownych diecezji, kt\u00f3rzy posluguj\u0105 w sprawie rozeznawania sytuacji par niesakramentalnych zgodnie z zaleceniami papie\u017ca Franciszka. Zach\u0119camy do lektury. Jednocze\u015bnie z nadziej\u0105 oczekujemy na podobne dzia\u0142ania pasterzy innych diecezji , co mog\u0142oby doprowadzi\u0107 do ujednolicenia stanowiska przez Komisj\u0119 Episkopatu Polski.<\/p>\n","protected":false},"author":1,"featured_media":0,"comment_status":"closed","ping_status":"closed","sticky":false,"template":"","format":"standard","meta":{"ngg_post_thumbnail":0,"footnotes":""},"categories":[1],"tags":[],"_links":{"self":[{"href":"https:\/\/niesakramentalni.pl\/index.php?rest_route=\/wp\/v2\/posts\/3966"}],"collection":[{"href":"https:\/\/niesakramentalni.pl\/index.php?rest_route=\/wp\/v2\/posts"}],"about":[{"href":"https:\/\/niesakramentalni.pl\/index.php?rest_route=\/wp\/v2\/types\/post"}],"author":[{"embeddable":true,"href":"https:\/\/niesakramentalni.pl\/index.php?rest_route=\/wp\/v2\/users\/1"}],"replies":[{"embeddable":true,"href":"https:\/\/niesakramentalni.pl\/index.php?rest_route=%2Fwp%2Fv2%2Fcomments&post=3966"}],"version-history":[{"count":3,"href":"https:\/\/niesakramentalni.pl\/index.php?rest_route=\/wp\/v2\/posts\/3966\/revisions"}],"predecessor-version":[{"id":3969,"href":"https:\/\/niesakramentalni.pl\/index.php?rest_route=\/wp\/v2\/posts\/3966\/revisions\/3969"}],"wp:attachment":[{"href":"https:\/\/niesakramentalni.pl\/index.php?rest_route=%2Fwp%2Fv2%2Fmedia&parent=3966"}],"wp:term":[{"taxonomy":"category","embeddable":true,"href":"https:\/\/niesakramentalni.pl\/index.php?rest_route=%2Fwp%2Fv2%2Fcategories&post=3966"},{"taxonomy":"post_tag","embeddable":true,"href":"https:\/\/niesakramentalni.pl\/index.php?rest_route=%2Fwp%2Fv2%2Ftags&post=3966"}],"curies":[{"name":"wp","href":"https:\/\/api.w.org\/{rel}","templated":true}]}}