{"id":3886,"date":"2023-10-09T14:56:44","date_gmt":"2023-10-09T12:56:44","guid":{"rendered":"http:\/\/niesakramentalni.pl\/?p=3886"},"modified":"2023-10-09T14:57:34","modified_gmt":"2023-10-09T12:57:34","slug":"dykasteria-nauki-wiary-na-temat-sakramentow-dla-osob-rozwiedzionych","status":"publish","type":"post","link":"https:\/\/niesakramentalni.pl\/?p=3886","title":{"rendered":"Dykasteria Nauki Wiary na temat sakrament\u00f3w dla os\u00f3b rozwiedzionych"},"content":{"rendered":"<figure style=\"width: 199px\" class=\"wp-caption alignleft\"><a href=\"https:\/\/www.vaticannews.va\/pl\/watykan\/news\/2023-10\/dykasteria-nauki-wiary-na-temat-sakramentow-dla-osob-rozwiedzion.html\"><img loading=\"lazy\" decoding=\"async\" class=\"ngg-singlepic ngg-left\" src=\"https:\/\/niesakramentalni.pl\/wp-content\/gallery\/wpisy\/VatNews.jpeg\" alt=\"VatNews\" width=\"199\" height=\"112\"><\/a><figcaption class=\"wp-caption-text\">Foto z Vaticannews<\/figcaption><\/figure>\n<p style=\"text-align: justify;\">Na stronie internetowej Dykasterii Nauki Wiary mo\u017cna znale\u017a\u0107 odpowied\u017a na seri\u0119 pyta\u0144 zaproponowanych przez emerytowanego kardyna\u0142a arcybiskupa Pragi Dominika Duk\u0119: w przypadku nowych zwi\u0105zk\u00f3w wszyscy ksi\u0119\u017ca s\u0105 wezwani do zaproponowania drogi rozeznania ukazuj\u0105cej \u201ematczyne oblicze Ko\u015bcio\u0142a\u201d. To sumienie, kt\u00f3remu towarzyszy kap\u0142an i kt\u00f3re jest o\u015bwiecone wskazaniami Ko\u015bcio\u0142a, \u201ejest powo\u0142ane do formacji, aby oceni\u0107 i dokona\u0107 os\u0105du wystarczaj\u0105cego do rozeznania mo\u017cliwo\u015bci dost\u0119pu do sakrament\u00f3w&#8221;.Czytaj ca\u0142o\u015b\u0107:\u21d2<strong> <a href=\"https:\/\/www.vaticannews.va\/pl\/watykan\/news\/2023-10\/dykasteria-nauki-wiary-na-temat-sakramentow-dla-osob-rozwiedzion.html\">Vatican News<\/a><\/strong><\/p>\n","protected":false},"excerpt":{"rendered":"<p>Na stronie internetowej Dykasterii Nauki Wiary mo\u017cna znale\u017a\u0107 odpowied\u017a na seri\u0119 pyta\u0144 zaproponowanych przez emerytowanego kardyna\u0142a arcybiskupa Pragi Dominika Duk\u0119: w przypadku nowych zwi\u0105zk\u00f3w wszyscy ksi\u0119\u017ca s\u0105 wezwani do zaproponowania drogi rozeznania ukazuj\u0105cej \u201ematczyne oblicze Ko\u015bcio\u0142a\u201d. To sumienie, kt\u00f3remu towarzyszy kap\u0142an i kt\u00f3re jest o\u015bwiecone wskazaniami Ko\u015bcio\u0142a, \u201ejest powo\u0142ane do formacji, aby oceni\u0107 i dokona\u0107 <a href=\"https:\/\/niesakramentalni.pl\/?p=3886\" class=\"more-link\">[&hellip;]<\/a><\/p>\n","protected":false},"author":1,"featured_media":0,"comment_status":"closed","ping_status":"closed","sticky":false,"template":"","format":"standard","meta":{"ngg_post_thumbnail":0,"footnotes":""},"categories":[1],"tags":[],"_links":{"self":[{"href":"https:\/\/niesakramentalni.pl\/index.php?rest_route=\/wp\/v2\/posts\/3886"}],"collection":[{"href":"https:\/\/niesakramentalni.pl\/index.php?rest_route=\/wp\/v2\/posts"}],"about":[{"href":"https:\/\/niesakramentalni.pl\/index.php?rest_route=\/wp\/v2\/types\/post"}],"author":[{"embeddable":true,"href":"https:\/\/niesakramentalni.pl\/index.php?rest_route=\/wp\/v2\/users\/1"}],"replies":[{"embeddable":true,"href":"https:\/\/niesakramentalni.pl\/index.php?rest_route=%2Fwp%2Fv2%2Fcomments&post=3886"}],"version-history":[{"count":2,"href":"https:\/\/niesakramentalni.pl\/index.php?rest_route=\/wp\/v2\/posts\/3886\/revisions"}],"predecessor-version":[{"id":3889,"href":"https:\/\/niesakramentalni.pl\/index.php?rest_route=\/wp\/v2\/posts\/3886\/revisions\/3889"}],"wp:attachment":[{"href":"https:\/\/niesakramentalni.pl\/index.php?rest_route=%2Fwp%2Fv2%2Fmedia&parent=3886"}],"wp:term":[{"taxonomy":"category","embeddable":true,"href":"https:\/\/niesakramentalni.pl\/index.php?rest_route=%2Fwp%2Fv2%2Fcategories&post=3886"},{"taxonomy":"post_tag","embeddable":true,"href":"https:\/\/niesakramentalni.pl\/index.php?rest_route=%2Fwp%2Fv2%2Ftags&post=3886"}],"curies":[{"name":"wp","href":"https:\/\/api.w.org\/{rel}","templated":true}]}}