{"id":3870,"date":"2023-09-05T10:53:14","date_gmt":"2023-09-05T08:53:14","guid":{"rendered":"http:\/\/niesakramentalni.pl\/?p=3870"},"modified":"2023-09-23T11:16:23","modified_gmt":"2023-09-23T09:16:23","slug":"pozegnanie-ojca-mieczyslawa","status":"publish","type":"post","link":"https:\/\/niesakramentalni.pl\/?p=3870","title":{"rendered":"Po\u017cegnanie ojca Mieczys\u0142awa"},"content":{"rendered":"<p style=\"text-align: justify;\"><a href=\"https:\/\/niesakramentalni.pl\/wp-content\/uploads\/msza3.png\"><img loading=\"lazy\" decoding=\"async\" class=\"alignleft wp-image-3867\" title=\"ngg-singlepic ngg-left\" src=\"https:\/\/niesakramentalni.pl\/wp-content\/uploads\/msza3.png\" alt=\"\" width=\"150\" height=\"187\"><\/a>Jak ju\u017c informowali\u015bmy,&nbsp; ojciec Mieczys\u0142aw \u0141usiak zosta\u0142 oddelegowany do wa\u017cnych dzie\u0142 Towarzystwa Jezusowego w Warszawie. W pierwsz\u0105 niedziel\u0119 wrze\u015bnia, podczas comiesi\u0119cznej mszy dla ma\u0142\u017ce\u0144stw niesakramentalnych i ich rodzin, po\u017cegnali\u015bmy naszego duszpasterza. By\u0142a okazja do przywo\u0142ania wspomnie\u0144 sprzed ponad 20 lat &#8211; gdy powstawa\u0142o pierwsze w naszej diecezji i jedno z pierwszych w Polsce Duszpasterstwo Ma\u0142\u017ce\u0144stw Niesakramentalnych.<br \/>\nNade wszystko jednak by\u0142a to okazja do serdecznych podzi\u0119kowa\u0144 za formowanie nas i przyja\u017a\u0144 ojca Mietka. Szcz\u0119\u015b\u0107 Bo\u017ce Kochany Mieczys\u0142awie!<br \/>\n<strong>Msze \u015bw. dla ma\u0142\u017ce\u0144stw niesakramentalnych w 1. niedziele miesi\u0105ca b\u0119dzie celebrowa\u0142 ojciec Bogus\u0142aw Soma.<\/strong><\/p>\n","protected":false},"excerpt":{"rendered":"<p>Jak ju\u017c informowali\u015bmy,&nbsp; ojciec Mieczys\u0142aw \u0141usiak zosta\u0142 oddelegowany do wa\u017cnych dzie\u0142 Towarzystwa Jezusowego w Warszawie. W pierwsz\u0105 niedziel\u0119 wrze\u015bnia, podczas comiesi\u0119cznej mszy dla ma\u0142\u017ce\u0144stw niesakramentalnych i ich rodzin, po\u017cegnali\u015bmy naszego duszpasterza. By\u0142a okazja do przywo\u0142ania wspomnie\u0144 sprzed ponad 20 lat &#8211; gdy powstawa\u0142o pierwsze w naszej diecezji i jedno z pierwszych w Polsce Duszpasterstwo Ma\u0142\u017ce\u0144stw <a href=\"https:\/\/niesakramentalni.pl\/?p=3870\" class=\"more-link\">[&hellip;]<\/a><\/p>\n","protected":false},"author":1,"featured_media":0,"comment_status":"closed","ping_status":"closed","sticky":false,"template":"","format":"standard","meta":{"ngg_post_thumbnail":0,"footnotes":""},"categories":[1],"tags":[],"_links":{"self":[{"href":"https:\/\/niesakramentalni.pl\/index.php?rest_route=\/wp\/v2\/posts\/3870"}],"collection":[{"href":"https:\/\/niesakramentalni.pl\/index.php?rest_route=\/wp\/v2\/posts"}],"about":[{"href":"https:\/\/niesakramentalni.pl\/index.php?rest_route=\/wp\/v2\/types\/post"}],"author":[{"embeddable":true,"href":"https:\/\/niesakramentalni.pl\/index.php?rest_route=\/wp\/v2\/users\/1"}],"replies":[{"embeddable":true,"href":"https:\/\/niesakramentalni.pl\/index.php?rest_route=%2Fwp%2Fv2%2Fcomments&post=3870"}],"version-history":[{"count":3,"href":"https:\/\/niesakramentalni.pl\/index.php?rest_route=\/wp\/v2\/posts\/3870\/revisions"}],"predecessor-version":[{"id":3883,"href":"https:\/\/niesakramentalni.pl\/index.php?rest_route=\/wp\/v2\/posts\/3870\/revisions\/3883"}],"wp:attachment":[{"href":"https:\/\/niesakramentalni.pl\/index.php?rest_route=%2Fwp%2Fv2%2Fmedia&parent=3870"}],"wp:term":[{"taxonomy":"category","embeddable":true,"href":"https:\/\/niesakramentalni.pl\/index.php?rest_route=%2Fwp%2Fv2%2Fcategories&post=3870"},{"taxonomy":"post_tag","embeddable":true,"href":"https:\/\/niesakramentalni.pl\/index.php?rest_route=%2Fwp%2Fv2%2Ftags&post=3870"}],"curies":[{"name":"wp","href":"https:\/\/api.w.org\/{rel}","templated":true}]}}