{"id":3645,"date":"2020-12-04T15:08:14","date_gmt":"2020-12-04T14:08:14","guid":{"rendered":"http:\/\/niesakramentalni.pl\/?p=3645"},"modified":"2020-12-04T15:08:14","modified_gmt":"2020-12-04T14:08:14","slug":"msza-swieta-dla-malzenstw-niesakramentalnych-w-kaplicy","status":"publish","type":"post","link":"https:\/\/niesakramentalni.pl\/?p=3645","title":{"rendered":"Msza \u015bwi\u0119ta dla ma\u0142\u017ce\u0144stw niesakramentalnych w kaplicy"},"content":{"rendered":"<p style=\"text-align: justify;\"><a class=\"ngg-fancybox\" title=\" \" href=\"https:\/\/niesakramentalni.pl\/wp-content\/gallery\/2008-10-msza\/msza2.jpg\" rel=\"\" data-image-id=\"376\" data-src=\"https:\/\/niesakramentalni.pl\/wp-content\/gallery\/2008-10-msza\/msza2.jpg\" data-thumbnail=\"https:\/\/niesakramentalni.pl\/wp-content\/gallery\/2008-10-msza\/thumbs\/thumbs_msza2.jpg\" data-title=\"msza2\" data-description=\" \"><img loading=\"lazy\" decoding=\"async\" class=\"ngg-singlepic ngg-left alignleft\" src=\"https:\/\/niesakramentalni.pl\/wp-content\/gallery\/2008-10-msza\/thumbs\/thumbs_msza2.jpg\" alt=\"msza2\" width=\"200\" height=\"133\"><\/a>Przy zachowaniu ogranicze\u0144 wynikaj\u0105cych z przeciwdzia\u0142ania pandemii, msza \u015bwi\u0119ta w niedziel\u0119 <strong>6 grudnia<\/strong> odprawiona b\u0119dzie w kaplicy Matki Bo\u017cej.<br \/>\nZAPRASZAMY.<\/p>\n","protected":false},"excerpt":{"rendered":"<p>Przy zachowaniu ogranicze\u0144 wynikaj\u0105cych z przeciwdzia\u0142ania pandemii, msza \u015bwi\u0119ta w niedziel\u0119 6 grudnia odprawiona b\u0119dzie w kaplicy Matki Bo\u017cej. ZAPRASZAMY.<\/p>\n","protected":false},"author":1,"featured_media":0,"comment_status":"closed","ping_status":"closed","sticky":false,"template":"","format":"standard","meta":{"ngg_post_thumbnail":0,"footnotes":""},"categories":[1],"tags":[],"_links":{"self":[{"href":"https:\/\/niesakramentalni.pl\/index.php?rest_route=\/wp\/v2\/posts\/3645"}],"collection":[{"href":"https:\/\/niesakramentalni.pl\/index.php?rest_route=\/wp\/v2\/posts"}],"about":[{"href":"https:\/\/niesakramentalni.pl\/index.php?rest_route=\/wp\/v2\/types\/post"}],"author":[{"embeddable":true,"href":"https:\/\/niesakramentalni.pl\/index.php?rest_route=\/wp\/v2\/users\/1"}],"replies":[{"embeddable":true,"href":"https:\/\/niesakramentalni.pl\/index.php?rest_route=%2Fwp%2Fv2%2Fcomments&post=3645"}],"version-history":[{"count":2,"href":"https:\/\/niesakramentalni.pl\/index.php?rest_route=\/wp\/v2\/posts\/3645\/revisions"}],"predecessor-version":[{"id":3647,"href":"https:\/\/niesakramentalni.pl\/index.php?rest_route=\/wp\/v2\/posts\/3645\/revisions\/3647"}],"wp:attachment":[{"href":"https:\/\/niesakramentalni.pl\/index.php?rest_route=%2Fwp%2Fv2%2Fmedia&parent=3645"}],"wp:term":[{"taxonomy":"category","embeddable":true,"href":"https:\/\/niesakramentalni.pl\/index.php?rest_route=%2Fwp%2Fv2%2Fcategories&post=3645"},{"taxonomy":"post_tag","embeddable":true,"href":"https:\/\/niesakramentalni.pl\/index.php?rest_route=%2Fwp%2Fv2%2Ftags&post=3645"}],"curies":[{"name":"wp","href":"https:\/\/api.w.org\/{rel}","templated":true}]}}