{"id":3625,"date":"2020-10-27T10:05:20","date_gmt":"2020-10-27T09:05:20","guid":{"rendered":"http:\/\/niesakramentalni.pl\/?p=3625"},"modified":"2020-10-27T10:10:53","modified_gmt":"2020-10-27T09:10:53","slug":"3625","status":"publish","type":"post","link":"https:\/\/niesakramentalni.pl\/?p=3625","title":{"rendered":"Msza \u015bwi\u0119ta online z Suchej"},"content":{"rendered":"<p><img loading=\"lazy\" decoding=\"async\" class=\"ngg-singlepic ngg-left alignleft\" src=\"https:\/\/niesakramentalni.pl\/wp-content\/gallery\/wpisy\/mszatv1-e1603788410453.jpg\" alt=\"mszatv1-e1603788410453\" width=\"200\" height=\"136\">W aktualnej sytuacji pandemicznej, ojciec Mieczys\u0142aw przywr\u00f3ci\u0142 niedzieln\u0105 msz\u0119&nbsp; \u015bwi\u0119t\u0105 online z Suchej.<br \/>\nWszystkich, kt\u00f3rzy chc\u0105 w niej uczestniczy\u0107, zapraszamy w <strong>ka\u017cd\u0105 niedziel\u0119<br \/>\no godz. 11<sup>00<\/sup><\/strong> na kana\u0142 YouTube: <a href=\"https:\/\/www.youtube.com\/c\/AkademiaSzcz%C4%99%C5%9Bliwego%C5%BByciaMieczys%C5%82aw%C5%81usiakSJ\/featured\"><strong>Akademia szcz\u0119\u015bliwego \u017cycia.<\/strong><\/a><\/p>\n<p>Msza \u015bwi\u0119ta dla ma\u0142\u017ce\u0144stw niesakramentalnych<br \/>\n<strong>w niedziel\u0119 1 listopada o godz. 17<sup>00 <\/sup>w kaplicy Matki Bo\u017cej.<\/strong><\/p>\n","protected":false},"excerpt":{"rendered":"<p>W aktualnej sytuacji pandemicznej, ojciec Mieczys\u0142aw przywr\u00f3ci\u0142 niedzieln\u0105 msz\u0119&nbsp; \u015bwi\u0119t\u0105 online z Suchej. Wszystkich, kt\u00f3rzy chc\u0105 w niej uczestniczy\u0107, zapraszamy w ka\u017cd\u0105 niedziel\u0119 o godz. 1100 na kana\u0142 YouTube: Akademia szcz\u0119\u015bliwego \u017cycia. Msza \u015bwi\u0119ta dla ma\u0142\u017ce\u0144stw niesakramentalnych w niedziel\u0119 1 listopada o godz. 1700 w kaplicy Matki Bo\u017cej.<\/p>\n","protected":false},"author":1,"featured_media":0,"comment_status":"closed","ping_status":"closed","sticky":false,"template":"","format":"standard","meta":{"ngg_post_thumbnail":0,"footnotes":""},"categories":[1],"tags":[],"_links":{"self":[{"href":"https:\/\/niesakramentalni.pl\/index.php?rest_route=\/wp\/v2\/posts\/3625"}],"collection":[{"href":"https:\/\/niesakramentalni.pl\/index.php?rest_route=\/wp\/v2\/posts"}],"about":[{"href":"https:\/\/niesakramentalni.pl\/index.php?rest_route=\/wp\/v2\/types\/post"}],"author":[{"embeddable":true,"href":"https:\/\/niesakramentalni.pl\/index.php?rest_route=\/wp\/v2\/users\/1"}],"replies":[{"embeddable":true,"href":"https:\/\/niesakramentalni.pl\/index.php?rest_route=%2Fwp%2Fv2%2Fcomments&post=3625"}],"version-history":[{"count":3,"href":"https:\/\/niesakramentalni.pl\/index.php?rest_route=\/wp\/v2\/posts\/3625\/revisions"}],"predecessor-version":[{"id":3628,"href":"https:\/\/niesakramentalni.pl\/index.php?rest_route=\/wp\/v2\/posts\/3625\/revisions\/3628"}],"wp:attachment":[{"href":"https:\/\/niesakramentalni.pl\/index.php?rest_route=%2Fwp%2Fv2%2Fmedia&parent=3625"}],"wp:term":[{"taxonomy":"category","embeddable":true,"href":"https:\/\/niesakramentalni.pl\/index.php?rest_route=%2Fwp%2Fv2%2Fcategories&post=3625"},{"taxonomy":"post_tag","embeddable":true,"href":"https:\/\/niesakramentalni.pl\/index.php?rest_route=%2Fwp%2Fv2%2Ftags&post=3625"}],"curies":[{"name":"wp","href":"https:\/\/api.w.org\/{rel}","templated":true}]}}