{"id":3599,"date":"2020-10-05T10:51:01","date_gmt":"2020-10-05T08:51:01","guid":{"rendered":"http:\/\/niesakramentalni.pl\/?p=3599"},"modified":"2020-10-06T10:59:08","modified_gmt":"2020-10-06T08:59:08","slug":"rodzice-tez-maja-potrzeby-posluchaj-na-youtube-2","status":"publish","type":"post","link":"https:\/\/niesakramentalni.pl\/?p=3599","title":{"rendered":"Rodzice te\u017c maj\u0105 potrzeby &#8211; pos\u0142uchaj na YouTube"},"content":{"rendered":"<p style=\"text-align: justify;\"><em><img loading=\"lazy\" decoding=\"async\" class=\"ngg-singlepic ngg-left alignleft\" src=\"https:\/\/niesakramentalni.pl\/wp-content\/gallery\/wpisy\/Mietek-1.jpg\" alt=\"Mietek-1\" width=\"119\" height=\"159\"><strong><span style=\"color: #008000; background-color: #ffffff;\">Szacunek dla samego siebie. Rodzice te\u017c maj\u0105 potrzeby<\/span><\/strong><\/em> &#8211; to wyk\u0142ad Ojca Mieczys\u0142awa \u0141usiaka, w kt\u00f3rym mo\u017cemy uczestniczy\u0107 we <strong>wtorek 6.10. br. o godz. 18<sup>00<\/sup><\/strong> za po\u015brednictwem <a href=\"https:\/\/www.youtube.com\/watch?v=2mV_xN22TzM&amp;ab_channel=AkademiaSzcz%C4%99%C5%9Bliwego%C5%BBycia-Mieczys%C5%82aw%C5%81usiakSJ\"><strong>YouTube<\/strong><\/a> (kliknij).<br \/>\nOjciec Mieczys\u0142aw, duszpasterz niesakramentalnych w Bydgoszczy, od kilku lat g\u0142osi wyk\u0142ady na tematy religijno &#8211; spo\u0142eczne w cyklu Akademia Szcz\u0119\u015bliwego \u017bycia. Od wtorku 6 pa\u017adziernika &#8211; poprzez kolejne pierwsze wtorki miesi\u0105ca &#8211; grono s\u0142uchaczy mo\u017ce znacz\u0105co powi\u0119kszy\u0107 si\u0119 dzi\u0119ki kana\u0142owi <a href=\"https:\/\/www.youtube.com\/channel\/UCTkVK9LH0DbcBixRmUdospg\"><strong>Akademii na YouTube<\/strong><\/a>, na kt\u00f3rym wyk\u0142ady b\u0119d\u0105 transmitowane na \u017cywo. Gor\u0105co zapraszamy do subskrybowania kana\u0142u.<\/p>\n","protected":false},"excerpt":{"rendered":"<p>Szacunek dla samego siebie. Rodzice te\u017c maj\u0105 potrzeby &#8211; to wyk\u0142ad Ojca Mieczys\u0142awa \u0141usiaka, w kt\u00f3rym mo\u017cemy uczestniczy\u0107 we wtorek 6.10. br. o godz. 1800 za po\u015brednictwem YouTube (kliknij). Ojciec Mieczys\u0142aw, duszpasterz niesakramentalnych w Bydgoszczy, od kilku lat g\u0142osi wyk\u0142ady na tematy religijno &#8211; spo\u0142eczne w cyklu Akademia Szcz\u0119\u015bliwego \u017bycia. Od wtorku 6 pa\u017adziernika &#8211; <a href=\"https:\/\/niesakramentalni.pl\/?p=3599\" class=\"more-link\">[&hellip;]<\/a><\/p>\n","protected":false},"author":1,"featured_media":0,"comment_status":"closed","ping_status":"closed","sticky":false,"template":"","format":"standard","meta":{"ngg_post_thumbnail":0,"footnotes":""},"categories":[1],"tags":[],"_links":{"self":[{"href":"https:\/\/niesakramentalni.pl\/index.php?rest_route=\/wp\/v2\/posts\/3599"}],"collection":[{"href":"https:\/\/niesakramentalni.pl\/index.php?rest_route=\/wp\/v2\/posts"}],"about":[{"href":"https:\/\/niesakramentalni.pl\/index.php?rest_route=\/wp\/v2\/types\/post"}],"author":[{"embeddable":true,"href":"https:\/\/niesakramentalni.pl\/index.php?rest_route=\/wp\/v2\/users\/1"}],"replies":[{"embeddable":true,"href":"https:\/\/niesakramentalni.pl\/index.php?rest_route=%2Fwp%2Fv2%2Fcomments&post=3599"}],"version-history":[{"count":3,"href":"https:\/\/niesakramentalni.pl\/index.php?rest_route=\/wp\/v2\/posts\/3599\/revisions"}],"predecessor-version":[{"id":3605,"href":"https:\/\/niesakramentalni.pl\/index.php?rest_route=\/wp\/v2\/posts\/3599\/revisions\/3605"}],"wp:attachment":[{"href":"https:\/\/niesakramentalni.pl\/index.php?rest_route=%2Fwp%2Fv2%2Fmedia&parent=3599"}],"wp:term":[{"taxonomy":"category","embeddable":true,"href":"https:\/\/niesakramentalni.pl\/index.php?rest_route=%2Fwp%2Fv2%2Fcategories&post=3599"},{"taxonomy":"post_tag","embeddable":true,"href":"https:\/\/niesakramentalni.pl\/index.php?rest_route=%2Fwp%2Fv2%2Ftags&post=3599"}],"curies":[{"name":"wp","href":"https:\/\/api.w.org\/{rel}","templated":true}]}}