{"id":3581,"date":"2020-08-01T15:06:48","date_gmt":"2020-08-01T13:06:48","guid":{"rendered":"http:\/\/niesakramentalni.pl\/?p=3581"},"modified":"2020-08-03T00:05:44","modified_gmt":"2020-08-02T22:05:44","slug":"msza-swieta-dla-niesakramentalnych-w-kaplicy-matki-bozej","status":"publish","type":"post","link":"https:\/\/niesakramentalni.pl\/?p=3581","title":{"rendered":"Msza \u015bwi\u0119ta dla ma\u0142\u017ce\u0144stw niesakramentalnych &#8211; w kaplicy Matki Bo\u017cej"},"content":{"rendered":"<p style=\"text-align: justify;\"><a class=\"ngg-fancybox\" title=\" \" href=\"https:\/\/niesakramentalni.pl\/wp-content\/gallery\/wpisy\/gol.png\" rel=\"\" data-image-id=\"816\" data-src=\"https:\/\/niesakramentalni.pl\/wp-content\/gallery\/wpisy\/gol.png\" data-thumbnail=\"https:\/\/niesakramentalni.pl\/wp-content\/gallery\/wpisy\/thumbs\/thumbs_gol.png\" data-title=\"gol\" data-description=\" \"><img loading=\"lazy\" decoding=\"async\" class=\"ngg-singlepic ngg-left alignleft\" src=\"https:\/\/niesakramentalni.pl\/wp-content\/gallery\/wpisy\/thumbs\/thumbs_gol.png\" alt=\"gol\" width=\"120\" height=\"105\"><\/a>Msza \u015bwi\u0119ta dla ma\u0142\u017ce\u0144stw niesakramentalnych w <strong>1. niedziel\u0119 miesi\u0105ca o godz. 17<sup>00&nbsp;<br \/>\n<\/sup><\/strong>po 2 &#8211; miesi\u0119cznej przerwie, wr\u00f3ci\u0142a do kaplicy Matki Bo\u017cej przy ko\u015bciele oo. jezuit\u00f3w.<br \/>\nZapraszamy pary niesakramentalne i ich rodziny!<br \/>\nPrzypominamy o obowi\u0105zku u\u017cywania maseczek!<\/p>\n","protected":false},"excerpt":{"rendered":"<p>Msza \u015bwi\u0119ta dla ma\u0142\u017ce\u0144stw niesakramentalnych w 1. niedziel\u0119 miesi\u0105ca o godz. 1700&nbsp; po 2 &#8211; miesi\u0119cznej przerwie, wr\u00f3ci\u0142a do kaplicy Matki Bo\u017cej przy ko\u015bciele oo. jezuit\u00f3w. Zapraszamy pary niesakramentalne i ich rodziny! Przypominamy o obowi\u0105zku u\u017cywania maseczek!<\/p>\n","protected":false},"author":1,"featured_media":0,"comment_status":"closed","ping_status":"closed","sticky":false,"template":"","format":"standard","meta":{"ngg_post_thumbnail":0,"footnotes":""},"categories":[1],"tags":[],"_links":{"self":[{"href":"https:\/\/niesakramentalni.pl\/index.php?rest_route=\/wp\/v2\/posts\/3581"}],"collection":[{"href":"https:\/\/niesakramentalni.pl\/index.php?rest_route=\/wp\/v2\/posts"}],"about":[{"href":"https:\/\/niesakramentalni.pl\/index.php?rest_route=\/wp\/v2\/types\/post"}],"author":[{"embeddable":true,"href":"https:\/\/niesakramentalni.pl\/index.php?rest_route=\/wp\/v2\/users\/1"}],"replies":[{"embeddable":true,"href":"https:\/\/niesakramentalni.pl\/index.php?rest_route=%2Fwp%2Fv2%2Fcomments&post=3581"}],"version-history":[{"count":3,"href":"https:\/\/niesakramentalni.pl\/index.php?rest_route=\/wp\/v2\/posts\/3581\/revisions"}],"predecessor-version":[{"id":3591,"href":"https:\/\/niesakramentalni.pl\/index.php?rest_route=\/wp\/v2\/posts\/3581\/revisions\/3591"}],"wp:attachment":[{"href":"https:\/\/niesakramentalni.pl\/index.php?rest_route=%2Fwp%2Fv2%2Fmedia&parent=3581"}],"wp:term":[{"taxonomy":"category","embeddable":true,"href":"https:\/\/niesakramentalni.pl\/index.php?rest_route=%2Fwp%2Fv2%2Fcategories&post=3581"},{"taxonomy":"post_tag","embeddable":true,"href":"https:\/\/niesakramentalni.pl\/index.php?rest_route=%2Fwp%2Fv2%2Ftags&post=3581"}],"curies":[{"name":"wp","href":"https:\/\/api.w.org\/{rel}","templated":true}]}}