{"id":3561,"date":"2020-05-24T08:20:37","date_gmt":"2020-05-24T06:20:37","guid":{"rendered":"http:\/\/niesakramentalni.pl\/?p=3561"},"modified":"2020-05-24T20:53:37","modified_gmt":"2020-05-24T18:53:37","slug":"gdy-wszyscy-jestesmy-niesakramentalni","status":"publish","type":"post","link":"https:\/\/niesakramentalni.pl\/?p=3561","title":{"rendered":"Gdy wszyscy s\u0105 &#8222;niesakramentalni&#8221;"},"content":{"rendered":"<p style=\"text-align: justify;\"><strong><a class=\"ngg-fancybox\" title=\" \" href=\"https:\/\/niesakramentalni.pl\/wp-content\/gallery\/wpisy\/ks.Halik_-1.png\" rel=\"\" data-image-id=\"821\" data-src=\"https:\/\/niesakramentalni.pl\/wp-content\/gallery\/wpisy\/ks.Halik_-1.png\" data-thumbnail=\"https:\/\/niesakramentalni.pl\/wp-content\/gallery\/wpisy\/thumbs\/thumbs_ks.Halik_-1.png\" data-title=\"ks.Halik_-1\" data-description=\" \"><img loading=\"lazy\" decoding=\"async\" class=\"ngg-singlepic ngg-left alignleft\" src=\"https:\/\/niesakramentalni.pl\/wp-content\/gallery\/wpisy\/thumbs\/thumbs_ks.Halik_-1.png\" alt=\"ks.Halik_-1\" width=\"198\" height=\"132\"><\/a>Ks. Hal\u00edk: mo\u017ce post od Eucharystii pozwoli pomy\u015ble\u0107 o tych, kt\u00f3rzy s\u0105 od niej od\u0142\u0105czeni.<br \/>\n<\/strong><em>T<\/em><em>ak, my\u015bl\u0119 o ludziach w tak zwanych sytuacjach nieregularnych, na przyk\u0142ad o tych, kt\u00f3rym si\u0119 bole\u015bnie rozsypa\u0142o ma\u0142\u017ce\u0144stwo<\/em> &#8211; m\u00f3wi\u0142 podczas homilii. Ks. Tom\u00e1\u0161 Hal\u00edk w swoim kazaniu na Niedziel\u0119 Dobrego Pasterza skupi\u0142 si\u0119 m. in. na temacie Eucharystii. Podkre\u015bli\u0142, \u017ce pandemia Covid-19 ukaza\u0142a, \u017ce nie jeste\u015bmy w stanie za po\u015brednictwem transmisji internetowej \u015bwi\u0119towa\u0107 razem mszy w pe\u0142ni.<br \/>\n<strong><em>By\u0107 mo\u017ce post od Eucharystii ma by\u0107 okazj\u0105, by pomy\u015ble\u0107 o tych, kt\u00f3rym dotychczasowa praktyka Ko\u015bcio\u0142a udzia\u0142u w Uczcie Chrystusa odmawia <\/em>\u21d2 <a href=\"http:\/\/wiez.com.pl\/2020\/05\/12\/chrystus-nie-ogranicza-sie-do-sakramentow\/\">przeczytaj ca\u0142o\u015b\u0107<\/a><\/strong><\/p>\n","protected":false},"excerpt":{"rendered":"<p>Ks. Hal\u00edk: mo\u017ce post od Eucharystii pozwoli pomy\u015ble\u0107 o tych, kt\u00f3rzy s\u0105 od niej od\u0142\u0105czeni. Tak, my\u015bl\u0119 o ludziach w tak zwanych sytuacjach nieregularnych, na przyk\u0142ad o tych, kt\u00f3rym si\u0119 bole\u015bnie rozsypa\u0142o ma\u0142\u017ce\u0144stwo &#8211; m\u00f3wi\u0142 podczas homilii. Ks. Tom\u00e1\u0161 Hal\u00edk w swoim kazaniu na Niedziel\u0119 Dobrego Pasterza skupi\u0142 si\u0119 m. in. na temacie Eucharystii. Podkre\u015bli\u0142, <a href=\"https:\/\/niesakramentalni.pl\/?p=3561\" class=\"more-link\">[&hellip;]<\/a><\/p>\n","protected":false},"author":1,"featured_media":0,"comment_status":"closed","ping_status":"closed","sticky":false,"template":"","format":"standard","meta":{"ngg_post_thumbnail":0,"footnotes":""},"categories":[1],"tags":[],"_links":{"self":[{"href":"https:\/\/niesakramentalni.pl\/index.php?rest_route=\/wp\/v2\/posts\/3561"}],"collection":[{"href":"https:\/\/niesakramentalni.pl\/index.php?rest_route=\/wp\/v2\/posts"}],"about":[{"href":"https:\/\/niesakramentalni.pl\/index.php?rest_route=\/wp\/v2\/types\/post"}],"author":[{"embeddable":true,"href":"https:\/\/niesakramentalni.pl\/index.php?rest_route=\/wp\/v2\/users\/1"}],"replies":[{"embeddable":true,"href":"https:\/\/niesakramentalni.pl\/index.php?rest_route=%2Fwp%2Fv2%2Fcomments&post=3561"}],"version-history":[{"count":3,"href":"https:\/\/niesakramentalni.pl\/index.php?rest_route=\/wp\/v2\/posts\/3561\/revisions"}],"predecessor-version":[{"id":3574,"href":"https:\/\/niesakramentalni.pl\/index.php?rest_route=\/wp\/v2\/posts\/3561\/revisions\/3574"}],"wp:attachment":[{"href":"https:\/\/niesakramentalni.pl\/index.php?rest_route=%2Fwp%2Fv2%2Fmedia&parent=3561"}],"wp:term":[{"taxonomy":"category","embeddable":true,"href":"https:\/\/niesakramentalni.pl\/index.php?rest_route=%2Fwp%2Fv2%2Fcategories&post=3561"},{"taxonomy":"post_tag","embeddable":true,"href":"https:\/\/niesakramentalni.pl\/index.php?rest_route=%2Fwp%2Fv2%2Ftags&post=3561"}],"curies":[{"name":"wp","href":"https:\/\/api.w.org\/{rel}","templated":true}]}}