{"id":3521,"date":"2020-04-03T13:36:49","date_gmt":"2020-04-03T11:36:49","guid":{"rendered":"http:\/\/niesakramentalni.pl\/?p=3521"},"modified":"2020-04-03T18:33:14","modified_gmt":"2020-04-03T16:33:14","slug":"rekolekcje-dla-malzenstw-niesakramentalnych-online","status":"publish","type":"post","link":"https:\/\/niesakramentalni.pl\/?p=3521","title":{"rendered":"Rekolekcje dla ma\u0142\u017ce\u0144stw niesakramentalnych &#8211; ONLINE"},"content":{"rendered":"<p style=\"text-align: justify;\"><a class=\"ngg-fancybox\" title=\" \" href=\"https:\/\/niesakramentalni.pl\/wp-content\/gallery\/wpisy\/rekolekcje-2020-1.jpg\" rel=\"\" data-image-id=\"817\" data-src=\"https:\/\/niesakramentalni.pl\/wp-content\/gallery\/wpisy\/rekolekcje-2020-1.jpg\" data-thumbnail=\"https:\/\/niesakramentalni.pl\/wp-content\/gallery\/wpisy\/thumbs\/thumbs_rekolekcje-2020-1.jpg\" data-title=\"rekolekcje-2020-1\" data-description=\" \"><img loading=\"lazy\" decoding=\"async\" class=\"ngg-singlepic ngg-left alignleft\" src=\"https:\/\/niesakramentalni.pl\/wp-content\/gallery\/wpisy\/thumbs\/thumbs_rekolekcje-2020-1.jpg\" alt=\"rekolekcje-2020-1\" width=\"150\" height=\"100\"><\/a>Jak ju\u017c wcze\u015bniej uprzedzali\u015bmy, tegoroczne <strong>Rekolekcje wielkopostne dla ma\u0142\u017ce\u0144stw niesakramentalnych i ich rodzin <\/strong>odb\u0119d\u0105 si\u0119 w innej formule, tj. online, w terminie <strong>6 &#8211; 8 kwietnia br<\/strong>.:<br \/>\n&#8211; o godzinie <strong>18.00<\/strong> ojciec Mieczys\u0142aw g\u0142osi <strong>na \u017cywo<\/strong> nauki rekolekcyjne;<br \/>\n&#8211; o godzinie <strong>21.15<\/strong> Msza \u015bw. online.<br \/>\n<a href=\"https:\/\/www.youtube.com\/channel\/UCTkVK9LH0DbcBixRmUdospg\"><strong><span style=\"color: #0000ff;\">Kana\u0142 Akademii Szcz\u0119\u015bliwego \u017cycia na YouTube<\/span><\/strong><\/a> <strong>\u21d0 wejd\u017a<\/strong><\/p>\n","protected":false},"excerpt":{"rendered":"<p>Jak ju\u017c wcze\u015bniej uprzedzali\u015bmy, tegoroczne Rekolekcje wielkopostne dla ma\u0142\u017ce\u0144stw niesakramentalnych i ich rodzin odb\u0119d\u0105 si\u0119 w innej formule, tj. online, w terminie 6 &#8211; 8 kwietnia br.: &#8211; o godzinie 18.00 ojciec Mieczys\u0142aw g\u0142osi na \u017cywo nauki rekolekcyjne; &#8211; o godzinie 21.15 Msza \u015bw. online. Kana\u0142 Akademii Szcz\u0119\u015bliwego \u017cycia na YouTube \u21d0 wejd\u017a<\/p>\n","protected":false},"author":1,"featured_media":0,"comment_status":"closed","ping_status":"closed","sticky":false,"template":"","format":"standard","meta":{"ngg_post_thumbnail":0,"footnotes":""},"categories":[1],"tags":[],"_links":{"self":[{"href":"https:\/\/niesakramentalni.pl\/index.php?rest_route=\/wp\/v2\/posts\/3521"}],"collection":[{"href":"https:\/\/niesakramentalni.pl\/index.php?rest_route=\/wp\/v2\/posts"}],"about":[{"href":"https:\/\/niesakramentalni.pl\/index.php?rest_route=\/wp\/v2\/types\/post"}],"author":[{"embeddable":true,"href":"https:\/\/niesakramentalni.pl\/index.php?rest_route=\/wp\/v2\/users\/1"}],"replies":[{"embeddable":true,"href":"https:\/\/niesakramentalni.pl\/index.php?rest_route=%2Fwp%2Fv2%2Fcomments&post=3521"}],"version-history":[{"count":3,"href":"https:\/\/niesakramentalni.pl\/index.php?rest_route=\/wp\/v2\/posts\/3521\/revisions"}],"predecessor-version":[{"id":3534,"href":"https:\/\/niesakramentalni.pl\/index.php?rest_route=\/wp\/v2\/posts\/3521\/revisions\/3534"}],"wp:attachment":[{"href":"https:\/\/niesakramentalni.pl\/index.php?rest_route=%2Fwp%2Fv2%2Fmedia&parent=3521"}],"wp:term":[{"taxonomy":"category","embeddable":true,"href":"https:\/\/niesakramentalni.pl\/index.php?rest_route=%2Fwp%2Fv2%2Fcategories&post=3521"},{"taxonomy":"post_tag","embeddable":true,"href":"https:\/\/niesakramentalni.pl\/index.php?rest_route=%2Fwp%2Fv2%2Ftags&post=3521"}],"curies":[{"name":"wp","href":"https:\/\/api.w.org\/{rel}","templated":true}]}}