{"id":3477,"date":"2020-03-24T20:33:11","date_gmt":"2020-03-24T19:33:11","guid":{"rendered":"http:\/\/niesakramentalni.pl\/?p=3477"},"modified":"2020-04-03T18:37:40","modified_gmt":"2020-04-03T16:37:40","slug":"rekolekcje-wielkopostne-2020-inaczej","status":"publish","type":"post","link":"https:\/\/niesakramentalni.pl\/?p=3477","title":{"rendered":"Rekolekcje wielkopostne 2020 &#8211; inaczej"},"content":{"rendered":"<p style=\"text-align: justify;\"><a class=\"ngg-fancybox\" title=\" \" href=\"https:\/\/niesakramentalni.pl\/wp-content\/gallery\/wpisy\/2017-05-s1.JPG\" rel=\"\" data-image-id=\"305\" data-src=\"https:\/\/niesakramentalni.pl\/wp-content\/gallery\/wpisy\/2017-05-s1.JPG\" data-thumbnail=\"https:\/\/niesakramentalni.pl\/wp-content\/gallery\/wpisy\/thumbs\/thumbs_2017-05-s1.JPG\" data-title=\"2017-05-s1\" data-description=\" \"><img decoding=\"async\" class=\"ngg-singlepic ngg-left alignleft\" src=\"https:\/\/niesakramentalni.pl\/wp-content\/gallery\/wpisy\/thumbs\/thumbs_2017-05-s1.JPG\" alt=\"2017-05-s1\"><\/a>Tradycyjne <strong>rekolekcje wielkopostne dla ma\u0142\u017ce\u0144stw niesakramentalnych <\/strong>w tym roku odb\u0119d\u0105 si\u0119 w innej formule. Przypominamy, \u017ce od kilkunastu lat Eucharystia i nauki rekolekcyjne odbywa\u0142y si\u0119 w ko\u015bciele oo. jezuit\u00f3w &#8211; najcz\u0119\u015bciej zaraz po Niedzieli Palmowej. W tym roku we wsp\u00f3lnocie Ma\u0142\u017ce\u0144stw Niesakramentalnych zrodzi\u0142 si\u0119 pomys\u0142 g\u0142\u0119bszego wej\u015bcia w przygotowanie do \u015awi\u0105t Zmartwychwstania poprzez rekolekcje w ramach <strong>dni skupienia w Suchej w terminie 3 &#8211; 5 kwietnia.<\/strong><\/p>\n<p><span style=\"color: #ff0000;\">Stan pandemii zmusza nas do radykalnej zmiany formu\u0142y!<br \/>\n<\/span><span style=\"color: #ff0000;\">Tegoroczne rekolekcje odb\u0119d\u0105 si\u0119 ONLINE w okresie 6 &#8211; 8 kwietnia (Wielki Poniedzia\u0142ek &#8211; Wielka \u015aroda).<br \/>\n<\/span><\/p>\n","protected":false},"excerpt":{"rendered":"<p>Tradycyjne rekolekcje wielkopostne dla ma\u0142\u017ce\u0144stw niesakramentalnych w tym roku odb\u0119d\u0105 si\u0119 w innej formule. Przypominamy, \u017ce od kilkunastu lat Eucharystia i nauki rekolekcyjne odbywa\u0142y si\u0119 w ko\u015bciele oo. jezuit\u00f3w &#8211; najcz\u0119\u015bciej zaraz po Niedzieli Palmowej. W tym roku we wsp\u00f3lnocie Ma\u0142\u017ce\u0144stw Niesakramentalnych zrodzi\u0142 si\u0119 pomys\u0142 g\u0142\u0119bszego wej\u015bcia w przygotowanie do \u015awi\u0105t Zmartwychwstania poprzez rekolekcje w <a href=\"https:\/\/niesakramentalni.pl\/?p=3477\" class=\"more-link\">[&hellip;]<\/a><\/p>\n","protected":false},"author":1,"featured_media":0,"comment_status":"closed","ping_status":"closed","sticky":false,"template":"","format":"standard","meta":{"ngg_post_thumbnail":0,"footnotes":""},"categories":[1],"tags":[],"_links":{"self":[{"href":"https:\/\/niesakramentalni.pl\/index.php?rest_route=\/wp\/v2\/posts\/3477"}],"collection":[{"href":"https:\/\/niesakramentalni.pl\/index.php?rest_route=\/wp\/v2\/posts"}],"about":[{"href":"https:\/\/niesakramentalni.pl\/index.php?rest_route=\/wp\/v2\/types\/post"}],"author":[{"embeddable":true,"href":"https:\/\/niesakramentalni.pl\/index.php?rest_route=\/wp\/v2\/users\/1"}],"replies":[{"embeddable":true,"href":"https:\/\/niesakramentalni.pl\/index.php?rest_route=%2Fwp%2Fv2%2Fcomments&post=3477"}],"version-history":[{"count":3,"href":"https:\/\/niesakramentalni.pl\/index.php?rest_route=\/wp\/v2\/posts\/3477\/revisions"}],"predecessor-version":[{"id":3538,"href":"https:\/\/niesakramentalni.pl\/index.php?rest_route=\/wp\/v2\/posts\/3477\/revisions\/3538"}],"wp:attachment":[{"href":"https:\/\/niesakramentalni.pl\/index.php?rest_route=%2Fwp%2Fv2%2Fmedia&parent=3477"}],"wp:term":[{"taxonomy":"category","embeddable":true,"href":"https:\/\/niesakramentalni.pl\/index.php?rest_route=%2Fwp%2Fv2%2Fcategories&post=3477"},{"taxonomy":"post_tag","embeddable":true,"href":"https:\/\/niesakramentalni.pl\/index.php?rest_route=%2Fwp%2Fv2%2Ftags&post=3477"}],"curies":[{"name":"wp","href":"https:\/\/api.w.org\/{rel}","templated":true}]}}