{"id":3452,"date":"2019-11-07T09:56:49","date_gmt":"2019-11-07T08:56:49","guid":{"rendered":"http:\/\/niesakramentalni.pl\/?p=3452"},"modified":"2019-11-12T21:20:48","modified_gmt":"2019-11-12T20:20:48","slug":"pelne-przezyc-rekolekcje-w-suchej","status":"publish","type":"post","link":"https:\/\/niesakramentalni.pl\/?p=3452","title":{"rendered":"Pe\u0142ne prze\u017cy\u0107 rekolekcje w Suchej"},"content":{"rendered":"<p style=\"text-align: justify;\"><a class=\"ngg-fancybox\" title=\" \" href=\"https:\/\/niesakramentalni.pl\/wp-content\/gallery\/wpisy\/1sucha2019.jpg\" rel=\"\" data-image-id=\"813\" data-src=\"https:\/\/niesakramentalni.pl\/wp-content\/gallery\/wpisy\/1sucha2019.jpg\" data-thumbnail=\"https:\/\/niesakramentalni.pl\/wp-content\/gallery\/wpisy\/thumbs\/thumbs_1sucha2019.jpg\" data-title=\"1sucha2019\" data-description=\" \"><img decoding=\"async\" class=\"ngg-singlepic ngg-left alignleft\" src=\"https:\/\/niesakramentalni.pl\/wp-content\/gallery\/wpisy\/thumbs\/thumbs_1sucha2019.jpg\" alt=\"1sucha2019\"><\/a>Magia miejsca (Sucha na Pomorzu, Bory Tucholskie) w po\u0142\u0105czeniu z konferencjami g\u0142oszonymi przez ojca Mieczys\u0142awa i zaanga\u017cowaniem uczestnik\u00f3w, kolejny raz zaowocowa\u0142y g\u0142\u0119bi\u0105 prze\u017cy\u0107 i wzmocnieniem ducha par niesakramentalnych, kt\u00f3re w dniach 18 &#8211; 20 pa\u017adziernika licznie stawi\u0142y si\u0119 na rekolekcjach w Suchej.<br \/>\nBy\u0142 te\u017c czas na obfite grzybobranie.<\/p>\n<p><a href=\"https:\/\/lodz.jezuici.pl\/duszpasterstwa\/niesakramentalni\/niesakramentalni-rekolekcje-sucha-2019\"><strong>\u21d2 \u015awiadectwo uczestnik\u00f3w rekolekcji<\/strong><\/a><\/p>\n","protected":false},"excerpt":{"rendered":"<p>Magia miejsca (Sucha na Pomorzu, Bory Tucholskie) w po\u0142\u0105czeniu z konferencjami g\u0142oszonymi przez ojca Mieczys\u0142awa i zaanga\u017cowaniem uczestnik\u00f3w, kolejny raz zaowocowa\u0142y g\u0142\u0119bi\u0105 prze\u017cy\u0107 i wzmocnieniem ducha par niesakramentalnych, kt\u00f3re w dniach 18 &#8211; 20 pa\u017adziernika licznie stawi\u0142y si\u0119 na rekolekcjach w Suchej. By\u0142 te\u017c czas na obfite grzybobranie. \u21d2 \u015awiadectwo uczestnik\u00f3w rekolekcji<\/p>\n","protected":false},"author":1,"featured_media":0,"comment_status":"closed","ping_status":"closed","sticky":false,"template":"","format":"standard","meta":{"ngg_post_thumbnail":0,"footnotes":""},"categories":[1],"tags":[],"_links":{"self":[{"href":"https:\/\/niesakramentalni.pl\/index.php?rest_route=\/wp\/v2\/posts\/3452"}],"collection":[{"href":"https:\/\/niesakramentalni.pl\/index.php?rest_route=\/wp\/v2\/posts"}],"about":[{"href":"https:\/\/niesakramentalni.pl\/index.php?rest_route=\/wp\/v2\/types\/post"}],"author":[{"embeddable":true,"href":"https:\/\/niesakramentalni.pl\/index.php?rest_route=\/wp\/v2\/users\/1"}],"replies":[{"embeddable":true,"href":"https:\/\/niesakramentalni.pl\/index.php?rest_route=%2Fwp%2Fv2%2Fcomments&post=3452"}],"version-history":[{"count":3,"href":"https:\/\/niesakramentalni.pl\/index.php?rest_route=\/wp\/v2\/posts\/3452\/revisions"}],"predecessor-version":[{"id":3456,"href":"https:\/\/niesakramentalni.pl\/index.php?rest_route=\/wp\/v2\/posts\/3452\/revisions\/3456"}],"wp:attachment":[{"href":"https:\/\/niesakramentalni.pl\/index.php?rest_route=%2Fwp%2Fv2%2Fmedia&parent=3452"}],"wp:term":[{"taxonomy":"category","embeddable":true,"href":"https:\/\/niesakramentalni.pl\/index.php?rest_route=%2Fwp%2Fv2%2Fcategories&post=3452"},{"taxonomy":"post_tag","embeddable":true,"href":"https:\/\/niesakramentalni.pl\/index.php?rest_route=%2Fwp%2Fv2%2Ftags&post=3452"}],"curies":[{"name":"wp","href":"https:\/\/api.w.org\/{rel}","templated":true}]}}