{"id":3433,"date":"2019-10-04T09:12:38","date_gmt":"2019-10-04T07:12:38","guid":{"rendered":"http:\/\/niesakramentalni.pl\/?p=3433"},"modified":"2019-10-04T09:12:38","modified_gmt":"2019-10-04T07:12:38","slug":"6-x-zaczynamy-17-rok-akademicki-naszego-duszpasterstwa","status":"publish","type":"post","link":"https:\/\/niesakramentalni.pl\/?p=3433","title":{"rendered":"6.X &#8211; zaczynamy 17. &#8222;rok akademicki&#8221; naszego Duszpasterstwa"},"content":{"rendered":"<p style=\"text-align: justify;\"><a class=\"ngg-fancybox\" title=\" \" href=\"https:\/\/niesakramentalni.pl\/wp-content\/gallery\/wpisy\/2013-komunia.JPG\" rel=\"\" data-image-id=\"311\" data-src=\"https:\/\/niesakramentalni.pl\/wp-content\/gallery\/wpisy\/2013-komunia.JPG\" data-thumbnail=\"https:\/\/niesakramentalni.pl\/wp-content\/gallery\/wpisy\/thumbs\/thumbs_2013-komunia.JPG\" data-title=\"2013-komunia\" data-description=\" \"><img decoding=\"async\" class=\"ngg-singlepic ngg-left alignleft\" src=\"https:\/\/niesakramentalni.pl\/wp-content\/gallery\/wpisy\/thumbs\/thumbs_2013-komunia.JPG\" alt=\"2013-komunia\"><\/a>W niedziel\u0119 6 pa\u017adziernika o godz. 17\u00b0\u00b0 tradycyjn\u0105 msz\u0105 \u015bwi\u0119t\u0105 dla ma\u0142\u017ce\u0144stw niesakramentalnych i ich rodzin rozpoczniemy kolejny rok istnienia naszej Wsp\u00f3lnoty. ZAPRASZAMY!<\/p>\n","protected":false},"excerpt":{"rendered":"<p>W niedziel\u0119 6 pa\u017adziernika o godz. 17\u00b0\u00b0 tradycyjn\u0105 msz\u0105 \u015bwi\u0119t\u0105 dla ma\u0142\u017ce\u0144stw niesakramentalnych i ich rodzin rozpoczniemy kolejny rok istnienia naszej Wsp\u00f3lnoty. ZAPRASZAMY!<\/p>\n","protected":false},"author":1,"featured_media":0,"comment_status":"closed","ping_status":"closed","sticky":false,"template":"","format":"standard","meta":{"ngg_post_thumbnail":0,"footnotes":""},"categories":[1],"tags":[],"_links":{"self":[{"href":"https:\/\/niesakramentalni.pl\/index.php?rest_route=\/wp\/v2\/posts\/3433"}],"collection":[{"href":"https:\/\/niesakramentalni.pl\/index.php?rest_route=\/wp\/v2\/posts"}],"about":[{"href":"https:\/\/niesakramentalni.pl\/index.php?rest_route=\/wp\/v2\/types\/post"}],"author":[{"embeddable":true,"href":"https:\/\/niesakramentalni.pl\/index.php?rest_route=\/wp\/v2\/users\/1"}],"replies":[{"embeddable":true,"href":"https:\/\/niesakramentalni.pl\/index.php?rest_route=%2Fwp%2Fv2%2Fcomments&post=3433"}],"version-history":[{"count":2,"href":"https:\/\/niesakramentalni.pl\/index.php?rest_route=\/wp\/v2\/posts\/3433\/revisions"}],"predecessor-version":[{"id":3435,"href":"https:\/\/niesakramentalni.pl\/index.php?rest_route=\/wp\/v2\/posts\/3433\/revisions\/3435"}],"wp:attachment":[{"href":"https:\/\/niesakramentalni.pl\/index.php?rest_route=%2Fwp%2Fv2%2Fmedia&parent=3433"}],"wp:term":[{"taxonomy":"category","embeddable":true,"href":"https:\/\/niesakramentalni.pl\/index.php?rest_route=%2Fwp%2Fv2%2Fcategories&post=3433"},{"taxonomy":"post_tag","embeddable":true,"href":"https:\/\/niesakramentalni.pl\/index.php?rest_route=%2Fwp%2Fv2%2Ftags&post=3433"}],"curies":[{"name":"wp","href":"https:\/\/api.w.org\/{rel}","templated":true}]}}