{"id":2667,"date":"2018-05-06T22:40:52","date_gmt":"2018-05-06T20:40:52","guid":{"rendered":"http:\/\/niesakramentalni.pl\/?p=2667"},"modified":"2018-12-17T22:14:08","modified_gmt":"2018-12-17T21:14:08","slug":"ii-ogolnopolskie-rekolekcje-dla-malzenstw-niesakramentalnych-w-lodzi","status":"publish","type":"post","link":"https:\/\/niesakramentalni.pl\/?p=2667","title":{"rendered":"II Og\u00f3lnopolskie rekolekcje dla ma\u0142\u017ce\u0144stw niesakramentalnych w \u0141odzi"},"content":{"rendered":"<p style=\"text-align: justify;\"><a class=\"ngg-fancybox\" title=\" \" href=\"https:\/\/niesakramentalni.pl\/wp-content\/gallery\/wpisy\/2018-Lodz.JPG\" rel=\"\" data-image-id=\"660\" data-src=\"https:\/\/niesakramentalni.pl\/wp-content\/gallery\/wpisy\/2018-Lodz.JPG\" data-thumbnail=\"https:\/\/niesakramentalni.pl\/wp-content\/gallery\/wpisy\/thumbs\/thumbs_2018-Lodz.JPG\" data-title=\"2018-Lodz\" data-description=\" \"><img loading=\"lazy\" decoding=\"async\" class=\"ngg-singlepic ngg-left alignleft\" src=\"https:\/\/niesakramentalni.pl\/wp-content\/gallery\/wpisy\/thumbs\/thumbs_2018-Lodz.JPG\" alt=\"2018-Lodz\" width=\"241\" height=\"160\"><\/a>Na zaproszenie Wsp\u00f3lnoty Ma\u0142\u017ce\u0144stw Niesakramentalnych &#8222;Podniesieni&#8221; w \u0141odzi, dzia\u0142aj\u0105cej przy ko\u015bciele ojc\u00f3w jezuit\u00f3w, w niedziel\u0119 6 maja br. zjechali z ca\u0142ej Polski do \u0141odzi przedstawiciele ponad 10 duszpasterstw grupuj\u0105cych pary niesakramentalne. Wys\u0142uchanie 3 konferencji, dzielenie si\u0119 do\u015bwiadczeniem, wsp\u00f3lne \u015bpiewy religijne, adoracja Naj\u015bwi\u0119tszego Sakramentu oraz udzia\u0142 w Eucharystii sta\u0142y si\u0119 niesamowitym prze\u017cyciem i do\u015bwiadczeniem dzia\u0142ania Ducha \u015awi\u0119tego.<br \/>\nWsp\u00f3lnie sp\u0119dzone 7 godzin to by\u0142o &#8211; u\u017cywaj\u0105c s\u0142\u00f3w \u015aP. ks. Kaczkowskiego &#8211; <strong>religijne &#8222;\u017cycie na pe\u0142nej petardzie&#8221;<\/strong>.<br \/>\nGor\u0105ce podzi\u0119kowania dla Organizator\u00f3w i Gospodarzy!<br \/>\nNa kanale <em><strong>Mocni w Duchu<\/strong><\/em> (Youtube) prowadzona by\u0142a transmisja na \u017cywo. Ca\u0142o\u015b\u0107 mo\u017cna zobaczy\u0107 i ods\u0142ucha\u0107 (<strong>warto!<\/strong>), korzystaj\u0105c z link\u00f3w: <a href=\"https:\/\/www.youtube.com\/watch?v=pKcAGemZQUY&amp;ab_channel=MocniwDuchu-JezuiciTV\">cz. I &#8211; o. Remigiusz Rec\u0142aw SJ<\/a> ; <a href=\"https:\/\/www.youtube.com\/watch?v=ApzmTo2TCxo&amp;t=167s&amp;ab_channel=MocniwDuchu-JezuiciTV\">cz. II &#8211; o. Jacek Granatowski SJ<\/a> ;<a href=\"https:\/\/www.youtube.com\/watch?v=aSIhk-tBYVQ&amp;ab_channel=MocniwDuchu-JezuiciTV\">cz. III &#8211; o. Jacek Granatowski SJ<\/a> ; <a href=\"https:\/\/www.youtube.com\/watch?v=MssTAwZik_c&amp;t=26s&amp;ab_channel=MocniwDuchu-JezuiciTV\">cz. IV &#8211; Msza \u015awi\u0119ta<\/a><br \/>\n<a href=\"https:\/\/niesakramentalni.pl\/index.php\/galeria\/2018-05_spotkanie-niesakramentalnych-w-lodzi\/\"><strong>\u21d2ZOBACZ ZDJ\u0118CIA<\/strong><\/a>&nbsp; &nbsp;<a href=\"https:\/\/youtu.be\/8xEdSParRw4\"><strong>\u21d2ZOBACZ FILMIK<\/strong><\/a><\/p>\n","protected":false},"excerpt":{"rendered":"<p>Na zaproszenie Wsp\u00f3lnoty Ma\u0142\u017ce\u0144stw Niesakramentalnych &#8222;Podniesieni&#8221; w \u0141odzi, dzia\u0142aj\u0105cej przy ko\u015bciele ojc\u00f3w jezuit\u00f3w, w niedziel\u0119 6 maja br. zjechali z ca\u0142ej Polski do \u0141odzi przedstawiciele ponad 10 duszpasterstw grupuj\u0105cych pary niesakramentalne. Wys\u0142uchanie 3 konferencji, dzielenie si\u0119 do\u015bwiadczeniem, wsp\u00f3lne \u015bpiewy religijne, adoracja Naj\u015bwi\u0119tszego Sakramentu oraz udzia\u0142 w Eucharystii sta\u0142y si\u0119 niesamowitym prze\u017cyciem i do\u015bwiadczeniem dzia\u0142ania Ducha <a href=\"https:\/\/niesakramentalni.pl\/?p=2667\" class=\"more-link\">[&hellip;]<\/a><\/p>\n","protected":false},"author":1,"featured_media":0,"comment_status":"closed","ping_status":"closed","sticky":false,"template":"","format":"standard","meta":{"ngg_post_thumbnail":0,"footnotes":""},"categories":[1],"tags":[],"_links":{"self":[{"href":"https:\/\/niesakramentalni.pl\/index.php?rest_route=\/wp\/v2\/posts\/2667"}],"collection":[{"href":"https:\/\/niesakramentalni.pl\/index.php?rest_route=\/wp\/v2\/posts"}],"about":[{"href":"https:\/\/niesakramentalni.pl\/index.php?rest_route=\/wp\/v2\/types\/post"}],"author":[{"embeddable":true,"href":"https:\/\/niesakramentalni.pl\/index.php?rest_route=\/wp\/v2\/users\/1"}],"replies":[{"embeddable":true,"href":"https:\/\/niesakramentalni.pl\/index.php?rest_route=%2Fwp%2Fv2%2Fcomments&post=2667"}],"version-history":[{"count":3,"href":"https:\/\/niesakramentalni.pl\/index.php?rest_route=\/wp\/v2\/posts\/2667\/revisions"}],"predecessor-version":[{"id":3061,"href":"https:\/\/niesakramentalni.pl\/index.php?rest_route=\/wp\/v2\/posts\/2667\/revisions\/3061"}],"wp:attachment":[{"href":"https:\/\/niesakramentalni.pl\/index.php?rest_route=%2Fwp%2Fv2%2Fmedia&parent=2667"}],"wp:term":[{"taxonomy":"category","embeddable":true,"href":"https:\/\/niesakramentalni.pl\/index.php?rest_route=%2Fwp%2Fv2%2Fcategories&post=2667"},{"taxonomy":"post_tag","embeddable":true,"href":"https:\/\/niesakramentalni.pl\/index.php?rest_route=%2Fwp%2Fv2%2Ftags&post=2667"}],"curies":[{"name":"wp","href":"https:\/\/api.w.org\/{rel}","templated":true}]}}